{"id":147,"date":"2026-04-02T10:23:17","date_gmt":"2026-04-02T16:23:17","guid":{"rendered":"https:\/\/medmultilingua.com\/espanol\/?p=147"},"modified":"2026-04-02T10:23:17","modified_gmt":"2026-04-02T16:23:17","slug":"la-ilusion-de-la-edad-por-que-la-medicina-debe-dejar-atras-el-numero-y-mirar-hacia-el-paciente","status":"publish","type":"post","link":"https:\/\/medmultilingua.com\/espanol\/la-ilusion-de-la-edad-por-que-la-medicina-debe-dejar-atras-el-numero-y-mirar-hacia-el-paciente\/","title":{"rendered":"La ilusi\u00f3n de la edad: por qu\u00e9 la medicina debe dejar atr\u00e1s el n\u00famero y mirar hacia el paciente"},"content":{"rendered":"\n<p>Dr. Marco V. Benavides S\u00e1nchez. <a href=\"https:\/\/medmultilingua.com\/\">Medmultilingua.com<\/a>\/<\/p>\n\n\n\n<hr class=\"wp-block-separator has-alpha-channel-opacity\"\/>\n\n\n\n<p>En la pr\u00e1ctica cl\u00ednica cotidiana, pocas cifras pesan tanto \u2014y tan silenciosamente\u2014 como la edad. Es un dato que aparece en la primera l\u00ednea de cualquier expediente, que se menciona antes incluso de describir s\u00edntomas, y que suele orientar decisiones diagn\u00f3sticas y terap\u00e9uticas. Pero \u00bfqu\u00e9 pasa cuando ese n\u00famero, tan c\u00f3modo y tan disponible, se convierte en un atajo que distorsiona la realidad biol\u00f3gica del paciente?<\/p>\n\n\n\n<p>El art\u00edculo <em>The Age Illusion \u2014 Limitations of Chronologic Age in Medicine<\/em>, publicado en <em>The New England Journal of Medicine<\/em> por Martin G. Lee, M.D., plantea una cr\u00edtica contundente: <strong>la edad cronol\u00f3gica se ha convertido en un sustituto impreciso y, a veces, peligroso de la verdadera condici\u00f3n fisiol\u00f3gica de las personas<\/strong>.<\/p>\n\n\n\n<p>La historia con la que abre el texto es tan hipot\u00e9tica como reconocible. Un hombre de 86 a\u00f1os, funcional, independiente, cognitivamente intacto, es etiquetado como \u201cfr\u00e1gil\u201d \u00fanicamente por su edad. Esa etiqueta conduce a evitar un tratamiento est\u00e1ndar \u2014anticoagulaci\u00f3n para fibrilaci\u00f3n auricular\u2014 por miedo a complicaciones que nadie evalu\u00f3 realmente. Tres meses despu\u00e9s, un infarto cerebral lo deja institucionalizado. La medicina, en su af\u00e1n de protegerlo, termin\u00f3 fall\u00e1ndole.<\/p>\n\n\n\n<h2 class=\"wp-block-heading\">\ud83e\uddec <strong>Edad no es destino: la biolog\u00eda cuenta otra historia<\/strong><\/h2>\n\n\n\n<p>El argumento central del art\u00edculo es claro: <strong>dos personas nacidas el mismo a\u00f1o pueden tener edades biol\u00f3gicas radicalmente distintas<\/strong>. La investigaci\u00f3n en envejecimiento lo demuestra desde m\u00faltiples frentes:<\/p>\n\n\n\n<ul class=\"wp-block-list\">\n<li><a href=\"https:\/\/en.wikipedia.org\/wiki\/Epigenetic_clock\"><strong>Relojes epigen\u00e9ticos<\/strong> <\/a>basados en patrones de metilaci\u00f3n del ADN predicen morbilidad y mortalidad con mayor precisi\u00f3n que la edad cronol\u00f3gica.<\/li>\n\n\n\n<li><strong>Perfiles inflamatorios y metab\u00f3licos<\/strong> revelan niveles de estr\u00e9s oxidativo, activaci\u00f3n inmune y riesgo cardiovascular que var\u00edan ampliamente entre individuos.<\/li>\n\n\n\n<li><strong>Cambios moleculares y tisulares<\/strong> \u2014desde la rigidez vascular hasta la disfunci\u00f3n mitocondrial\u2014 progresan a ritmos distintos seg\u00fan estilo de vida, ambiente y enfermedades previas.<\/li>\n<\/ul>\n\n\n\n<p>Incluso gemelos id\u00e9nticos pueden envejecer biol\u00f3gicamente a velocidades diferentes. La edad, entonces, deja de ser un destino y se convierte en un indicador superficial.<\/p>\n\n\n\n<h2 class=\"wp-block-heading\">\ud83e\ude7a <strong>El problema no es usar la edad, sino usarla como sustituto de todo lo dem\u00e1s<\/strong><\/h2>\n\n\n\n<p>Lee se\u00f1ala que la edad cronol\u00f3gica domina m\u00faltiples \u00e1reas de la medicina:<\/p>\n\n\n\n<ul class=\"wp-block-list\">\n<li>Define <strong>elegibilidad en ensayos cl\u00ednicos<\/strong>.<\/li>\n\n\n\n<li>Marca <strong>umbrales en gu\u00edas de tamizaje<\/strong>.<\/li>\n\n\n\n<li>Influye en <strong>decisiones terap\u00e9uticas<\/strong> como anticoagulaci\u00f3n, revascularizaci\u00f3n o trasplantes.<\/li>\n\n\n\n<li>Incluso se propuso como criterio de <strong>triaje en cuidados intensivos<\/strong> durante la pandemia de Covid\u201119.<\/li>\n<\/ul>\n\n\n\n<p>La raz\u00f3n es comprensible: la edad es f\u00e1cil de obtener y encaja bien en algoritmos. Pero esa comodidad tiene un costo. Cuando se usa como sin\u00f3nimo de fragilidad, reserva fisiol\u00f3gica o riesgo, <strong>se borran las diferencias individuales<\/strong>. Y ese borrado puede traducirse en inequidad: negar tratamientos a quienes podr\u00edan beneficiarse o no ofrecer prevenci\u00f3n a quienes la necesitan.<\/p>\n\n\n\n<h2 class=\"wp-block-heading\">\ud83d\udd2c <strong>Hacia una medicina que mida lo que importa<\/strong><\/h2>\n\n\n\n<p>El art\u00edculo propone un cambio de paradigma: <strong>integrar mediciones de edad biol\u00f3gica en la pr\u00e1ctica cl\u00ednica<\/strong>, no como reemplazo de la edad cronol\u00f3gica, sino como complemento que refine la toma de decisiones.<\/p>\n\n\n\n<p>Un enfoque compuesto podr\u00eda incluir:<\/p>\n\n\n\n<ul class=\"wp-block-list\">\n<li>marcadores moleculares (epigen\u00e9tica, inflamaci\u00f3n, metabolismo),<\/li>\n\n\n\n<li>medidas funcionales (movilidad, fuerza, cognici\u00f3n),<\/li>\n\n\n\n<li>indicadores de reserva fisiol\u00f3gica a nivel de \u00f3rganos.<\/li>\n<\/ul>\n\n\n\n<p>Este tipo de evaluaci\u00f3n ser\u00eda especialmente \u00fatil en:<\/p>\n\n\n\n<ul class=\"wp-block-list\">\n<li>decisiones prequir\u00fargicas,<\/li>\n\n\n\n<li>terapias intensivas o de alto riesgo,<\/li>\n\n\n\n<li>prevenci\u00f3n en personas j\u00f3venes con envejecimiento acelerado,<\/li>\n\n\n\n<li>evaluaci\u00f3n de adultos mayores robustos que podr\u00edan beneficiarse de intervenciones usualmente restringidas por edad.<\/li>\n<\/ul>\n\n\n\n<p>La clave, subraya Lee, es que estas herramientas deben usarse para <strong>anticipar riesgos y mitigarlos<\/strong>, no para justificar exclusiones.<\/p>\n\n\n\n<h2 class=\"wp-block-heading\">\u2696\ufe0f <strong>Precisi\u00f3n, equidad y humanidad<\/strong><\/h2>\n\n\n\n<p>El mensaje final del art\u00edculo es profundamente \u00e9tico: <strong>seguir usando la edad como criterio dominante perpet\u00faa imprecisiones y desigualdades<\/strong>. La medicina del siglo XXI tiene la capacidad \u2014y la responsabilidad\u2014 de mirar m\u00e1s all\u00e1 del n\u00famero.<\/p>\n\n\n\n<p>Adoptar evaluaciones de edad biol\u00f3gica implica:<\/p>\n\n\n\n<ul class=\"wp-block-list\">\n<li>reconocer la heterogeneidad del envejecimiento,<\/li>\n\n\n\n<li>personalizar la atenci\u00f3n,<\/li>\n\n\n\n<li>evitar decisiones basadas en estereotipos,<\/li>\n\n\n\n<li>y acercarse m\u00e1s a la fisiolog\u00eda real de cada persona.<\/li>\n<\/ul>\n\n\n\n<p>La edad cronol\u00f3gica seguir\u00e1 siendo un punto de partida, pero ya no deber\u00eda ser el punto final. La medicina que viene ser\u00e1 m\u00e1s compleja, s\u00ed, pero tambi\u00e9n m\u00e1s justa.<\/p>\n\n\n\n<hr class=\"wp-block-separator has-alpha-channel-opacity\"\/>\n\n\n\n<h2 class=\"wp-block-heading\">\ud83d\udcda <strong>Referencia <\/strong><\/h2>\n\n\n\n<p>Lee, M. G. (2026). <em>The age illusion \u2014 Limitations of chronologic age in medicine<\/em>. <strong>The New England Journal of Medicine, 394<\/strong>(13), 1251\u20131253. <code>https:\/\/doi.org\/10.1056\/NEJMp2516973<\/code> <\/p>\n\n\n\n<hr class=\"wp-block-separator has-alpha-channel-opacity\"\/>\n\n\n\n<h2 class=\"wp-block-heading\">\ud83d\udd16 <strong>Hashtags sugeridos<\/strong><\/h2>\n\n\n\n<p>#Envejecimiento #EdadBiol\u00f3gica #SaludP\u00fablica #NEJM #Medmultilingua<\/p>\n\n\n\n<hr class=\"wp-block-separator has-alpha-channel-opacity\"\/>\n\n\n\n<p>\u00a9 MedMultilingua 2026 \u2014 La ciencia accesible para todos, en todo el mundo.<\/p>\n","protected":false},"excerpt":{"rendered":"<p>Dr. Marco V. Benavides S\u00e1nchez. Medmultilingua.com\/ En la pr\u00e1ctica cl\u00ednica cotidiana, pocas cifras pesan tanto \u2014y tan silenciosamente\u2014 como la edad. Es un dato que aparece en la primera l\u00ednea de cualquier expediente, que se menciona antes incluso de describir s\u00edntomas, y que suele orientar decisiones diagn\u00f3sticas y terap\u00e9uticas. Pero \u00bfqu\u00e9 pasa cuando ese n\u00famero,&#8230;<\/p>\n","protected":false},"author":1,"featured_media":158,"comment_status":"open","ping_status":"open","sticky":false,"template":"","format":"standard","meta":{"footnotes":""},"categories":[1],"tags":[],"class_list":["post-147","post","type-post","status-publish","format-standard","has-post-thumbnail","hentry","category-blog"],"_links":{"self":[{"href":"https:\/\/medmultilingua.com\/espanol\/wp-json\/wp\/v2\/posts\/147","targetHints":{"allow":["GET"]}}],"collection":[{"href":"https:\/\/medmultilingua.com\/espanol\/wp-json\/wp\/v2\/posts"}],"about":[{"href":"https:\/\/medmultilingua.com\/espanol\/wp-json\/wp\/v2\/types\/post"}],"author":[{"embeddable":true,"href":"https:\/\/medmultilingua.com\/espanol\/wp-json\/wp\/v2\/users\/1"}],"replies":[{"embeddable":true,"href":"https:\/\/medmultilingua.com\/espanol\/wp-json\/wp\/v2\/comments?post=147"}],"version-history":[{"count":9,"href":"https:\/\/medmultilingua.com\/espanol\/wp-json\/wp\/v2\/posts\/147\/revisions"}],"predecessor-version":[{"id":156,"href":"https:\/\/medmultilingua.com\/espanol\/wp-json\/wp\/v2\/posts\/147\/revisions\/156"}],"wp:featuredmedia":[{"embeddable":true,"href":"https:\/\/medmultilingua.com\/espanol\/wp-json\/wp\/v2\/media\/158"}],"wp:attachment":[{"href":"https:\/\/medmultilingua.com\/espanol\/wp-json\/wp\/v2\/media?parent=147"}],"wp:term":[{"taxonomy":"category","embeddable":true,"href":"https:\/\/medmultilingua.com\/espanol\/wp-json\/wp\/v2\/categories?post=147"},{"taxonomy":"post_tag","embeddable":true,"href":"https:\/\/medmultilingua.com\/espanol\/wp-json\/wp\/v2\/tags?post=147"}],"curies":[{"name":"wp","href":"https:\/\/api.w.org\/{rel}","templated":true}]}}